{"id":1104,"date":"2023-06-26T10:40:39","date_gmt":"2023-06-26T08:40:39","guid":{"rendered":"https:\/\/roemer.hamburg.de\/?p=1104"},"modified":"2024-01-21T13:11:24","modified_gmt":"2024-01-21T12:11:24","slug":"roemertag-2017-veni-vedi-vici-2-2","status":"publish","type":"post","link":"https:\/\/roemer.hamburg.de\/?p=1104","title":{"rendered":"Ubi sol, ibi vita."},"content":{"rendered":"<p>Am 16.09.2023 war es (endlich) mal wieder soweit: Der R\u00f6mertag, in diesem Jahr zu Gast im Wilhelm-Gymnasium, ging \u00fcber die auch wetterseitig bestens aufgestellte B\u00fchne(n) von Schulhof, Neubau, Aula und Klassenr\u00e4umen am Klosterstieg. Gemeinsam mit den drei weiteren altsprachlichen Gymnasien in Hamburg, dem Christianeum, dem Johanneum und der katholischen Sankt-Ansgar-Schule war eingeladen worden. Viele kamen und erlebten ein buntes Programm, das von den Fachschaften, von den Sch\u00fclerinnen und Sch\u00fclern und von engagierten Eltern der beteiligten Schulen auf die Beine gestellt worden war.<\/p>\n<p>Ein Schulfest mit vierstelliger Besucherzahl (vermutlich Hamburgs gr\u00f6\u00dftes) und jeder Menge Angebote zum Kennenlernen der altsprachlichen Schulform: Da lie\u00df sich der Hamburger Schulsenator nicht lange bitten und hielt eine Rede, in der er unter anderem auf das berufliche Chancen-Potential von Latein &amp; Co. hinwies. Immerhin zu einem Posten als Senator der Freien und Hansestadt k\u00f6nne das reichen, so Ties Rabe. Es waren allerdings ansonsten weniger professionelle Ambitionen, die im Mittelpunkt des R\u00f6mertags standen. Es sei denn, einzelne der \u00fcberwiegend noch sehr jungen Besucherinnen und Besucher erw\u00e4gen eine Karriere als Gladiator oder Gladiatorin. Entsprechende Anschauung gab es auf dem zu diesem Zwecke umgewidmeten Fu\u00dfball-Feld vor dem Neubau des WG. Andernorts lie\u00df sich unter museumsp\u00e4dagogischer Aufsicht die ber\u00fcchtigte Schildkr\u00f6ten-Formation der r\u00f6mischen Legion\u00e4re erproben, doch eigentlich ging es am 16.09. eher ums Basteln, Spielen und nebenbei Lernen \u00fcber die Antike und das, was uns mit dieser Welt heute noch verbindet. Die Big Band des Wilhelm-Gymnasiums spielte dazu, es gab Theater und nat\u00fcrlich Kulinarisches, darunter auch nach alten r\u00f6mischen Rezepten hergestellte Speisen.<\/p>\n<p>Nach vier Jahren Pause war dieser R\u00f6mertag ein wundervolles Wiedersehen oder auch Kennenlernen f\u00fcr alte wie neue Generationen von R\u00f6merinnen und R\u00f6mern, die sich dieser traditionsreichen Schulform in Hamburg verbunden f\u00fchlen. Mithilfe vieler ehrenamtlicher Helferinnen und Helfer gelang erneut ein tolles Fest, an das alle, die dabei waren, hoffentlich gerne zur\u00fcck blicken, bis es 2026 \u2013 dann am Johanneum \u2013 wieder hei\u00dft: Die R\u00f6mer kommen!<\/p>\n<p><code><div class=\"rl-gallery-container rl-loading\" id=\"rl-gallery-container-1\" data-gallery_id=\"1158\"> <div class=\"rl-gallery rl-basicgrid-gallery rl-hover-effect-1 rl-hover-icon-2\" id=\"rl-gallery-1\" data-gallery_no=\"1\"> <div class=\"rl-gallery-item\"><a href=\"https:\/\/roemer.hamburg.de\/wp-content\/uploads\/sites\/142\/2024\/01\/20230916Roemertag-159-121-1.jpg\" title=\"\" data-rl_title=\"\" class=\"rl-gallery-link\" data-rl_caption=\"\" data-rel=\"lightbox-gallery-1\"><img loading=\"lazy\" decoding=\"async\" src=\"https:\/\/roemer.hamburg.de\/wp-content\/uploads\/sites\/142\/2024\/01\/20230916Roemertag-159-121-1-240x160.jpg\" width=\"240\" height=\"160\" alt=\"\" \/><\/a><\/div><div class=\"rl-gallery-item\"><a href=\"https:\/\/roemer.hamburg.de\/wp-content\/uploads\/sites\/142\/2024\/01\/20230916Roemertag-159-144-1.jpg\" title=\"\" data-rl_title=\"\" class=\"rl-gallery-link\" data-rl_caption=\"\" data-rel=\"lightbox-gallery-1\"><img loading=\"lazy\" decoding=\"async\" src=\"https:\/\/roemer.hamburg.de\/wp-content\/uploads\/sites\/142\/2024\/01\/20230916Roemertag-159-144-1-240x160.jpg\" width=\"240\" height=\"160\" alt=\"\" \/><\/a><\/div><div class=\"rl-gallery-item\"><a href=\"https:\/\/roemer.hamburg.de\/wp-content\/uploads\/sites\/142\/2024\/01\/20230916Roemertag-159-146-1.jpg\" title=\"\" data-rl_title=\"\" class=\"rl-gallery-link\" data-rl_caption=\"\" data-rel=\"lightbox-gallery-1\"><img loading=\"lazy\" decoding=\"async\" src=\"https:\/\/roemer.hamburg.de\/wp-content\/uploads\/sites\/142\/2024\/01\/20230916Roemertag-159-146-1-160x240.jpg\" width=\"160\" height=\"240\" alt=\"\" \/><\/a><\/div><div class=\"rl-gallery-item\"><a href=\"https:\/\/roemer.hamburg.de\/wp-content\/uploads\/sites\/142\/2024\/01\/20230916Roemertag-159-151-1.jpg\" title=\"\" data-rl_title=\"\" class=\"rl-gallery-link\" data-rl_caption=\"\" data-rel=\"lightbox-gallery-1\"><img loading=\"lazy\" decoding=\"async\" src=\"https:\/\/roemer.hamburg.de\/wp-content\/uploads\/sites\/142\/2024\/01\/20230916Roemertag-159-151-1-160x240.jpg\" width=\"160\" height=\"240\" alt=\"\" \/><\/a><\/div><div class=\"rl-gallery-item\"><a href=\"https:\/\/roemer.hamburg.de\/wp-content\/uploads\/sites\/142\/2024\/01\/20230916Roemertag-159-37-1.jpg\" title=\"\" data-rl_title=\"\" class=\"rl-gallery-link\" data-rl_caption=\"\" data-rel=\"lightbox-gallery-1\"><img loading=\"lazy\" decoding=\"async\" src=\"https:\/\/roemer.hamburg.de\/wp-content\/uploads\/sites\/142\/2024\/01\/20230916Roemertag-159-37-1-160x240.jpg\" width=\"160\" height=\"240\" alt=\"\" \/><\/a><\/div><div class=\"rl-gallery-item\"><a href=\"https:\/\/roemer.hamburg.de\/wp-content\/uploads\/sites\/142\/2024\/01\/20230916Roemertag-159-39-1.jpg\" title=\"\" data-rl_title=\"\" class=\"rl-gallery-link\" data-rl_caption=\"\" data-rel=\"lightbox-gallery-1\"><img loading=\"lazy\" decoding=\"async\" src=\"https:\/\/roemer.hamburg.de\/wp-content\/uploads\/sites\/142\/2024\/01\/20230916Roemertag-159-39-1-240x160.jpg\" width=\"240\" height=\"160\" alt=\"\" \/><\/a><\/div><div class=\"rl-gallery-item\"><a href=\"https:\/\/roemer.hamburg.de\/wp-content\/uploads\/sites\/142\/2024\/01\/20230916Roemertag-159-50-1.jpg\" title=\"\" data-rl_title=\"\" class=\"rl-gallery-link\" data-rl_caption=\"\" data-rel=\"lightbox-gallery-1\"><img loading=\"lazy\" decoding=\"async\" src=\"https:\/\/roemer.hamburg.de\/wp-content\/uploads\/sites\/142\/2024\/01\/20230916Roemertag-159-50-1-240x160.jpg\" width=\"240\" height=\"160\" alt=\"\" \/><\/a><\/div><div class=\"rl-gallery-item\"><a href=\"https:\/\/roemer.hamburg.de\/wp-content\/uploads\/sites\/142\/2024\/01\/20230916Roemertag-159-65-1.jpg\" title=\"\" data-rl_title=\"\" class=\"rl-gallery-link\" data-rl_caption=\"\" data-rel=\"lightbox-gallery-1\"><img loading=\"lazy\" decoding=\"async\" src=\"https:\/\/roemer.hamburg.de\/wp-content\/uploads\/sites\/142\/2024\/01\/20230916Roemertag-159-65-1-240x160.jpg\" width=\"240\" height=\"160\" alt=\"\" \/><\/a><\/div><div class=\"rl-gallery-item\"><a href=\"https:\/\/roemer.hamburg.de\/wp-content\/uploads\/sites\/142\/2024\/01\/20230916Roemertag-159-68-1.jpg\" title=\"\" data-rl_title=\"\" class=\"rl-gallery-link\" data-rl_caption=\"\" data-rel=\"lightbox-gallery-1\"><img loading=\"lazy\" decoding=\"async\" src=\"https:\/\/roemer.hamburg.de\/wp-content\/uploads\/sites\/142\/2024\/01\/20230916Roemertag-159-68-1-240x160.jpg\" width=\"240\" height=\"160\" alt=\"\" \/><\/a><\/div><div class=\"rl-gallery-item\"><a href=\"https:\/\/roemer.hamburg.de\/wp-content\/uploads\/sites\/142\/2024\/01\/20230916Roemertag-159-72-1.jpg\" title=\"\" data-rl_title=\"\" class=\"rl-gallery-link\" data-rl_caption=\"\" data-rel=\"lightbox-gallery-1\"><img loading=\"lazy\" decoding=\"async\" src=\"https:\/\/roemer.hamburg.de\/wp-content\/uploads\/sites\/142\/2024\/01\/20230916Roemertag-159-72-1-240x160.jpg\" width=\"240\" height=\"160\" alt=\"\" \/><\/a><\/div><div class=\"rl-gallery-item\"><a href=\"https:\/\/roemer.hamburg.de\/wp-content\/uploads\/sites\/142\/2024\/01\/20230916Roemertag-159-81-1.jpg\" title=\"\" data-rl_title=\"\" class=\"rl-gallery-link\" data-rl_caption=\"\" data-rel=\"lightbox-gallery-1\"><img loading=\"lazy\" decoding=\"async\" src=\"https:\/\/roemer.hamburg.de\/wp-content\/uploads\/sites\/142\/2024\/01\/20230916Roemertag-159-81-1-240x160.jpg\" width=\"240\" height=\"160\" alt=\"\" \/><\/a><\/div><div class=\"rl-gallery-item\"><a href=\"https:\/\/roemer.hamburg.de\/wp-content\/uploads\/sites\/142\/2024\/01\/20230916Roemertag-159-85-1.jpg\" title=\"\" data-rl_title=\"\" class=\"rl-gallery-link\" data-rl_caption=\"\" data-rel=\"lightbox-gallery-1\"><img loading=\"lazy\" decoding=\"async\" src=\"https:\/\/roemer.hamburg.de\/wp-content\/uploads\/sites\/142\/2024\/01\/20230916Roemertag-159-85-1-240x160.jpg\" width=\"240\" height=\"160\" alt=\"\" \/><\/a><\/div><div class=\"rl-gallery-item\"><a href=\"https:\/\/roemer.hamburg.de\/wp-content\/uploads\/sites\/142\/2024\/01\/20230916Roemertag-233-128-1.jpg\" title=\"\" data-rl_title=\"\" class=\"rl-gallery-link\" data-rl_caption=\"\" data-rel=\"lightbox-gallery-1\"><img loading=\"lazy\" decoding=\"async\" src=\"https:\/\/roemer.hamburg.de\/wp-content\/uploads\/sites\/142\/2024\/01\/20230916Roemertag-233-128-1-240x160.jpg\" width=\"240\" height=\"160\" alt=\"\" \/><\/a><\/div><div class=\"rl-gallery-item\"><a href=\"https:\/\/roemer.hamburg.de\/wp-content\/uploads\/sites\/142\/2024\/01\/20230916Roemertag-233-178-1.jpg\" title=\"\" data-rl_title=\"\" class=\"rl-gallery-link\" data-rl_caption=\"\" data-rel=\"lightbox-gallery-1\"><img loading=\"lazy\" decoding=\"async\" src=\"https:\/\/roemer.hamburg.de\/wp-content\/uploads\/sites\/142\/2024\/01\/20230916Roemertag-233-178-1-240x160.jpg\" width=\"240\" height=\"160\" alt=\"\" \/><\/a><\/div><div class=\"rl-gallery-item\"><a href=\"https:\/\/roemer.hamburg.de\/wp-content\/uploads\/sites\/142\/2024\/01\/20230916Roemertag-233-233-1.jpg\" title=\"\" data-rl_title=\"\" class=\"rl-gallery-link\" data-rl_caption=\"\" data-rel=\"lightbox-gallery-1\"><img loading=\"lazy\" decoding=\"async\" src=\"https:\/\/roemer.hamburg.de\/wp-content\/uploads\/sites\/142\/2024\/01\/20230916Roemertag-233-233-1-240x160.jpg\" width=\"240\" height=\"160\" alt=\"\" \/><\/a><\/div><div class=\"rl-gallery-item\"><a href=\"https:\/\/roemer.hamburg.de\/wp-content\/uploads\/sites\/142\/2024\/01\/20230916Roemertag-233-43-1.jpg\" title=\"\" data-rl_title=\"\" class=\"rl-gallery-link\" data-rl_caption=\"\" data-rel=\"lightbox-gallery-1\"><img loading=\"lazy\" decoding=\"async\" src=\"https:\/\/roemer.hamburg.de\/wp-content\/uploads\/sites\/142\/2024\/01\/20230916Roemertag-233-43-1-160x240.jpg\" width=\"160\" height=\"240\" alt=\"\" \/><\/a><\/div><div class=\"rl-gallery-item\"><a href=\"https:\/\/roemer.hamburg.de\/wp-content\/uploads\/sites\/142\/2024\/01\/20230916Roemertag-233-52-1.jpg\" title=\"\" data-rl_title=\"\" class=\"rl-gallery-link\" data-rl_caption=\"\" data-rel=\"lightbox-gallery-1\"><img loading=\"lazy\" decoding=\"async\" src=\"https:\/\/roemer.hamburg.de\/wp-content\/uploads\/sites\/142\/2024\/01\/20230916Roemertag-233-52-1-240x160.jpg\" width=\"240\" height=\"160\" alt=\"\" \/><\/a><\/div><div class=\"rl-gallery-item\"><a href=\"https:\/\/roemer.hamburg.de\/wp-content\/uploads\/sites\/142\/2024\/01\/20230916Roemertag-233-89-1.jpg\" title=\"\" data-rl_title=\"\" class=\"rl-gallery-link\" data-rl_caption=\"\" data-rel=\"lightbox-gallery-1\"><img loading=\"lazy\" decoding=\"async\" src=\"https:\/\/roemer.hamburg.de\/wp-content\/uploads\/sites\/142\/2024\/01\/20230916Roemertag-233-89-1-240x160.jpg\" width=\"240\" height=\"160\" alt=\"\" \/><\/a><\/div><div class=\"rl-gallery-item\"><a href=\"https:\/\/roemer.hamburg.de\/wp-content\/uploads\/sites\/142\/2024\/01\/20230916Roemertag-27-17-1.jpg\" title=\"\" data-rl_title=\"\" class=\"rl-gallery-link\" data-rl_caption=\"\" data-rel=\"lightbox-gallery-1\"><img loading=\"lazy\" decoding=\"async\" src=\"https:\/\/roemer.hamburg.de\/wp-content\/uploads\/sites\/142\/2024\/01\/20230916Roemertag-27-17-1-240x135.jpg\" width=\"240\" height=\"135\" alt=\"\" \/><\/a><\/div> <\/div> <\/div><\/code><\/p>\n<p>Fotos: Sven Beller<\/p>\n","protected":false},"excerpt":{"rendered":"<p>Am 16.09.2023 war es (endlich) mal wieder soweit: Der R\u00f6mertag, in diesem Jahr zu Gast im Wilhelm-Gymnasium, ging \u00fcber die auch wetterseitig bestens aufgestellte B\u00fchne(n) von Schulhof, Neubau, Aula und Klassenr\u00e4umen am Klosterstieg. Gemeinsam mit den drei weiteren altsprachlichen Gymnasien in Hamburg, dem Christianeum, dem Johanneum und der katholischen Sankt-Ansgar-Schule war eingeladen worden. Viele kamen &hellip; <a href=\"https:\/\/roemer.hamburg.de\/?p=1104\" class=\"more-link\"><span class=\"screen-reader-text\">Ubi sol, ibi vita.<\/span> weiterlesen <span class=\"meta-nav\">&rarr;<\/span><\/a><\/p>\n","protected":false},"author":739,"featured_media":1156,"comment_status":"closed","ping_status":"closed","sticky":false,"template":"","format":"standard","meta":{"_acf_changed":false,"footnotes":""},"categories":[9],"tags":[],"class_list":["post-1104","post","type-post","status-publish","format-standard","has-post-thumbnail","hentry","category-erlebnistage"],"acf":[],"_links":{"self":[{"href":"https:\/\/roemer.hamburg.de\/index.php?rest_route=\/wp\/v2\/posts\/1104","targetHints":{"allow":["GET"]}}],"collection":[{"href":"https:\/\/roemer.hamburg.de\/index.php?rest_route=\/wp\/v2\/posts"}],"about":[{"href":"https:\/\/roemer.hamburg.de\/index.php?rest_route=\/wp\/v2\/types\/post"}],"author":[{"embeddable":true,"href":"https:\/\/roemer.hamburg.de\/index.php?rest_route=\/wp\/v2\/users\/739"}],"replies":[{"embeddable":true,"href":"https:\/\/roemer.hamburg.de\/index.php?rest_route=%2Fwp%2Fv2%2Fcomments&post=1104"}],"version-history":[{"count":7,"href":"https:\/\/roemer.hamburg.de\/index.php?rest_route=\/wp\/v2\/posts\/1104\/revisions"}],"predecessor-version":[{"id":1159,"href":"https:\/\/roemer.hamburg.de\/index.php?rest_route=\/wp\/v2\/posts\/1104\/revisions\/1159"}],"wp:featuredmedia":[{"embeddable":true,"href":"https:\/\/roemer.hamburg.de\/index.php?rest_route=\/wp\/v2\/media\/1156"}],"wp:attachment":[{"href":"https:\/\/roemer.hamburg.de\/index.php?rest_route=%2Fwp%2Fv2%2Fmedia&parent=1104"}],"wp:term":[{"taxonomy":"category","embeddable":true,"href":"https:\/\/roemer.hamburg.de\/index.php?rest_route=%2Fwp%2Fv2%2Fcategories&post=1104"},{"taxonomy":"post_tag","embeddable":true,"href":"https:\/\/roemer.hamburg.de\/index.php?rest_route=%2Fwp%2Fv2%2Ftags&post=1104"}],"curies":[{"name":"wp","href":"https:\/\/api.w.org\/{rel}","templated":true}]}}